{"id":1390,"date":"2021-04-07T02:15:58","date_gmt":"2021-04-07T02:15:58","guid":{"rendered":"https:\/\/mascotasenadopcionhn.com\/nueva\/?p=1390"},"modified":"2021-04-07T02:16:13","modified_gmt":"2021-04-07T02:16:13","slug":"thor","status":"publish","type":"post","link":"https:\/\/mascotasenadopcionhn.com\/nueva\/thor\/","title":{"rendered":"Thor"},"content":{"rendered":"\n<p>Hola! Me gustar\u00eda compartir mi historia de adopci\u00f3n:<\/p>\n\n\n\n<ol class=\"wp-block-list\"><li>Fecha en la que adopt\u00f3<br>a. Septiembre del 2016.<\/li><li>\u00bfC\u00f3mo conoci\u00f3 la fundaci\u00f3n?<br>a. La conocimos a trav\u00e9s de las redes sociales cuando est\u00e1bamos en busca de una mascota.<\/li><li>\u00bfQu\u00e9 los inspir\u00f3 a adoptar?<br>a. Cuando conocimos de la fundaci\u00f3n y vimos las mascotas tan hermosas que ten\u00edan en adopci\u00f3n quisimos adoptar a uno de los perritos que ten\u00edan disponibles. Aunque tengo que confesar que al principio nuestros padres estuvieron reacios a que tuvi\u00e9ramos una mascota, ahora nadie puede pasar sin compartir con Thor (v\u00e9ase las fotos compartidas).<\/li><li>\u00bfC\u00f3mo ha sido esa experiencia?<br>a. \u00a1Ha sido buen\u00edsima! El perrito (aunque no es tan peque\u00f1o) es parte de la familia. Para compartir un poco de como es con Uds., cada vez que alguien sale y regresa a la casa lo primero que hacen es saludar a Thor. Es como un ritual que lo primero que todos hacemos es llamarlo a que nos venga saludar y luego entramos a la casa.<\/li><li>\u00bfQu\u00e9 opina de Mascotas en Adopci\u00f3n Honduras?<br>a. Creo que hacen una gran labor y se merecen el mayor de los apoyos. \u00a1De mi parte yo trato de apoyar todos los meses sin falta a su fundaci\u00f3n!<\/li><li>Nombre suyo y de la mascota<br>a. Mi nombre: David Valencia<br>b. Nombre de la mascota: Thor<\/li><li><\/li><\/ol>\n\n\n\n<figure class=\"wp-block-image size-large is-style-rounded\"><img loading=\"lazy\" decoding=\"async\" width=\"768\" height=\"1024\" src=\"https:\/\/mascotasenadopcionhn.com\/nueva\/wp-content\/uploads\/2021\/04\/tor1-768x1024.jpg\" alt=\"\" class=\"wp-image-1392\" srcset=\"https:\/\/mascotasenadopcionhn.com\/nueva\/wp-content\/uploads\/2021\/04\/tor1-768x1024.jpg 768w, https:\/\/mascotasenadopcionhn.com\/nueva\/wp-content\/uploads\/2021\/04\/tor1-225x300.jpg 225w, https:\/\/mascotasenadopcionhn.com\/nueva\/wp-content\/uploads\/2021\/04\/tor1.jpg 828w\" sizes=\"auto, (max-width: 768px) 100vw, 768px\" \/><\/figure>\n\n\n\n<figure class=\"wp-block-image size-large is-style-rounded\"><img loading=\"lazy\" decoding=\"async\" width=\"818\" height=\"1024\" src=\"https:\/\/mascotasenadopcionhn.com\/nueva\/wp-content\/uploads\/2021\/04\/tor2-818x1024.jpg\" alt=\"\" class=\"wp-image-1393\" srcset=\"https:\/\/mascotasenadopcionhn.com\/nueva\/wp-content\/uploads\/2021\/04\/tor2-818x1024.jpg 818w, https:\/\/mascotasenadopcionhn.com\/nueva\/wp-content\/uploads\/2021\/04\/tor2-240x300.jpg 240w, https:\/\/mascotasenadopcionhn.com\/nueva\/wp-content\/uploads\/2021\/04\/tor2-768x961.jpg 768w, https:\/\/mascotasenadopcionhn.com\/nueva\/wp-content\/uploads\/2021\/04\/tor2.jpg 826w\" sizes=\"auto, (max-width: 818px) 100vw, 818px\" \/><\/figure>\n\n\n\n<figure class=\"wp-block-image size-large is-style-rounded\"><img loading=\"lazy\" decoding=\"async\" width=\"826\" height=\"916\" src=\"https:\/\/mascotasenadopcionhn.com\/nueva\/wp-content\/uploads\/2021\/04\/tor4.jpg\" alt=\"\" class=\"wp-image-1394\" srcset=\"https:\/\/mascotasenadopcionhn.com\/nueva\/wp-content\/uploads\/2021\/04\/tor4.jpg 826w, https:\/\/mascotasenadopcionhn.com\/nueva\/wp-content\/uploads\/2021\/04\/tor4-271x300.jpg 271w, https:\/\/mascotasenadopcionhn.com\/nueva\/wp-content\/uploads\/2021\/04\/tor4-768x852.jpg 768w\" sizes=\"auto, (max-width: 826px) 100vw, 826px\" \/><\/figure>\n<div class=\"pvc_clear\"><\/div><p id=\"pvc_stats_1390\" class=\"pvc_stats all  \" data-element-id=\"1390\" style=\"\"><i class=\"pvc-stats-icon medium\" aria-hidden=\"true\"><svg aria-hidden=\"true\" focusable=\"false\" data-prefix=\"far\" data-icon=\"chart-bar\" role=\"img\" xmlns=\"http:\/\/www.w3.org\/2000\/svg\" viewBox=\"0 0 512 512\" class=\"svg-inline--fa fa-chart-bar fa-w-16 fa-2x\"><path fill=\"currentColor\" d=\"M396.8 352h22.4c6.4 0 12.8-6.4 12.8-12.8V108.8c0-6.4-6.4-12.8-12.8-12.8h-22.4c-6.4 0-12.8 6.4-12.8 12.8v230.4c0 6.4 6.4 12.8 12.8 12.8zm-192 0h22.4c6.4 0 12.8-6.4 12.8-12.8V140.8c0-6.4-6.4-12.8-12.8-12.8h-22.4c-6.4 0-12.8 6.4-12.8 12.8v198.4c0 6.4 6.4 12.8 12.8 12.8zm96 0h22.4c6.4 0 12.8-6.4 12.8-12.8V204.8c0-6.4-6.4-12.8-12.8-12.8h-22.4c-6.4 0-12.8 6.4-12.8 12.8v134.4c0 6.4 6.4 12.8 12.8 12.8zM496 400H48V80c0-8.84-7.16-16-16-16H16C7.16 64 0 71.16 0 80v336c0 17.67 14.33 32 32 32h464c8.84 0 16-7.16 16-16v-16c0-8.84-7.16-16-16-16zm-387.2-48h22.4c6.4 0 12.8-6.4 12.8-12.8v-70.4c0-6.4-6.4-12.8-12.8-12.8h-22.4c-6.4 0-12.8 6.4-12.8 12.8v70.4c0 6.4 6.4 12.8 12.8 12.8z\" class=\"\"><\/path><\/svg><\/i> <img loading=\"lazy\" decoding=\"async\" width=\"16\" height=\"16\" alt=\"Loading\" src=\"https:\/\/mascotasenadopcionhn.com\/nueva\/wp-content\/plugins\/page-views-count\/ajax-loader-2x.gif\" border=0 \/><\/p><div class=\"pvc_clear\"><\/div>","protected":false},"excerpt":{"rendered":"<p>Hola! Me gustar\u00eda compartir mi historia de adopci\u00f3n: Fecha en la que adopt\u00f3a. Septiembre del 2016. \u00bfC\u00f3mo conoci\u00f3 la fundaci\u00f3n?a. La conocimos a trav\u00e9s de las redes sociales cuando est\u00e1bamos en busca de una mascota. \u00bfQu\u00e9 los inspir\u00f3 a adoptar?a. Cuando conocimos de la fundaci\u00f3n y vimos las mascotas tan hermosas que ten\u00edan en adopci\u00f3n [&hellip;]<\/p>\n<div class=\"pvc_clear\"><\/div>\n<p id=\"pvc_stats_1390\" class=\"pvc_stats all  \" data-element-id=\"1390\" style=\"\"><i class=\"pvc-stats-icon medium\" aria-hidden=\"true\"><svg aria-hidden=\"true\" focusable=\"false\" data-prefix=\"far\" data-icon=\"chart-bar\" role=\"img\" xmlns=\"http:\/\/www.w3.org\/2000\/svg\" viewBox=\"0 0 512 512\" class=\"svg-inline--fa fa-chart-bar fa-w-16 fa-2x\"><path fill=\"currentColor\" d=\"M396.8 352h22.4c6.4 0 12.8-6.4 12.8-12.8V108.8c0-6.4-6.4-12.8-12.8-12.8h-22.4c-6.4 0-12.8 6.4-12.8 12.8v230.4c0 6.4 6.4 12.8 12.8 12.8zm-192 0h22.4c6.4 0 12.8-6.4 12.8-12.8V140.8c0-6.4-6.4-12.8-12.8-12.8h-22.4c-6.4 0-12.8 6.4-12.8 12.8v198.4c0 6.4 6.4 12.8 12.8 12.8zm96 0h22.4c6.4 0 12.8-6.4 12.8-12.8V204.8c0-6.4-6.4-12.8-12.8-12.8h-22.4c-6.4 0-12.8 6.4-12.8 12.8v134.4c0 6.4 6.4 12.8 12.8 12.8zM496 400H48V80c0-8.84-7.16-16-16-16H16C7.16 64 0 71.16 0 80v336c0 17.67 14.33 32 32 32h464c8.84 0 16-7.16 16-16v-16c0-8.84-7.16-16-16-16zm-387.2-48h22.4c6.4 0 12.8-6.4 12.8-12.8v-70.4c0-6.4-6.4-12.8-12.8-12.8h-22.4c-6.4 0-12.8 6.4-12.8 12.8v70.4c0 6.4 6.4 12.8 12.8 12.8z\" class=\"\"><\/path><\/svg><\/i> <img loading=\"lazy\" decoding=\"async\" width=\"16\" height=\"16\" alt=\"Loading\" src=\"https:\/\/mascotasenadopcionhn.com\/nueva\/wp-content\/plugins\/page-views-count\/ajax-loader-2x.gif\" border=0 \/><\/p>\n<div class=\"pvc_clear\"><\/div>\n","protected":false},"author":1,"featured_media":1391,"comment_status":"open","ping_status":"open","sticky":false,"template":"","format":"standard","meta":{"kk_blocks_editor_width":"","_kiokenblocks_attr":"","_kiokenblocks_dimensions":"","_jetpack_memberships_contains_paid_content":false,"footnotes":""},"categories":[16],"tags":[],"class_list":["post-1390","post","type-post","status-publish","format-standard","has-post-thumbnail","hentry","category-historias-adopcion"],"yoast_head":"<!-- This site is optimized with the Yoast SEO Premium plugin v18.4 (Yoast SEO v25.2) - https:\/\/yoast.com\/wordpress\/plugins\/seo\/ -->\n<title>Thor - Mascotas en Adopcion Honduras<\/title>\n<meta name=\"robots\" content=\"index, follow, max-snippet:-1, max-image-preview:large, max-video-preview:-1\" \/>\n<link rel=\"canonical\" href=\"https:\/\/mascotasenadopcionhn.com\/nueva\/thor\/\" \/>\n<meta property=\"og:locale\" content=\"es_ES\" \/>\n<meta property=\"og:type\" content=\"article\" \/>\n<meta property=\"og:title\" content=\"Thor\" \/>\n<meta property=\"og:description\" content=\"Hola! Me gustar\u00eda compartir mi historia de adopci\u00f3n: Fecha en la que adopt\u00f3a. Septiembre del 2016. \u00bfC\u00f3mo conoci\u00f3 la fundaci\u00f3n?a. La conocimos a trav\u00e9s de las redes sociales cuando est\u00e1bamos en busca de una mascota. \u00bfQu\u00e9 los inspir\u00f3 a adoptar?a. Cuando conocimos de la fundaci\u00f3n y vimos las mascotas tan hermosas que ten\u00edan en adopci\u00f3n [&hellip;]\" \/>\n<meta property=\"og:url\" content=\"https:\/\/mascotasenadopcionhn.com\/nueva\/thor\/\" \/>\n<meta property=\"og:site_name\" content=\"Mascotas en Adopcion Honduras\" \/>\n<meta property=\"article:publisher\" content=\"https:\/\/www.facebook.com\/mascotasenadopcionhn\" \/>\n<meta property=\"article:published_time\" content=\"2021-04-07T02:15:58+00:00\" \/>\n<meta property=\"article:modified_time\" content=\"2021-04-07T02:16:13+00:00\" \/>\n<meta property=\"og:image\" content=\"https:\/\/mascotasenadopcionhn.com\/nueva\/wp-content\/uploads\/2021\/04\/tor3.jpg\" \/>\n\t<meta property=\"og:image:width\" content=\"828\" \/>\n\t<meta property=\"og:image:height\" content=\"1104\" \/>\n\t<meta property=\"og:image:type\" content=\"image\/jpeg\" \/>\n<meta name=\"author\" content=\"fredy\" \/>\n<meta name=\"twitter:card\" content=\"summary_large_image\" \/>\n<meta name=\"twitter:label1\" content=\"Escrito por\" \/>\n\t<meta name=\"twitter:data1\" content=\"fredy\" \/>\n\t<meta name=\"twitter:label2\" content=\"Tiempo de lectura\" \/>\n\t<meta name=\"twitter:data2\" content=\"1 minuto\" \/>\n<script type=\"application\/ld+json\" class=\"yoast-schema-graph\">{\"@context\":\"https:\/\/schema.org\",\"@graph\":[{\"@type\":\"Article\",\"@id\":\"https:\/\/mascotasenadopcionhn.com\/nueva\/thor\/#article\",\"isPartOf\":{\"@id\":\"https:\/\/mascotasenadopcionhn.com\/nueva\/thor\/\"},\"author\":{\"name\":\"fredy\",\"@id\":\"https:\/\/mascotasenadopcionhn.com\/nueva\/#\/schema\/person\/9fb88f4353111dca3883af9e1b0a56f4\"},\"headline\":\"Thor\",\"datePublished\":\"2021-04-07T02:15:58+00:00\",\"dateModified\":\"2021-04-07T02:16:13+00:00\",\"mainEntityOfPage\":{\"@id\":\"https:\/\/mascotasenadopcionhn.com\/nueva\/thor\/\"},\"wordCount\":236,\"commentCount\":0,\"publisher\":{\"@id\":\"https:\/\/mascotasenadopcionhn.com\/nueva\/#organization\"},\"image\":{\"@id\":\"https:\/\/mascotasenadopcionhn.com\/nueva\/thor\/#primaryimage\"},\"thumbnailUrl\":\"https:\/\/mascotasenadopcionhn.com\/nueva\/wp-content\/uploads\/2021\/04\/tor3.jpg\",\"articleSection\":[\"Historias de Adopcion\"],\"inLanguage\":\"es\",\"potentialAction\":[{\"@type\":\"CommentAction\",\"name\":\"Comment\",\"target\":[\"https:\/\/mascotasenadopcionhn.com\/nueva\/thor\/#respond\"]}]},{\"@type\":\"WebPage\",\"@id\":\"https:\/\/mascotasenadopcionhn.com\/nueva\/thor\/\",\"url\":\"https:\/\/mascotasenadopcionhn.com\/nueva\/thor\/\",\"name\":\"Thor - Mascotas en Adopcion Honduras\",\"isPartOf\":{\"@id\":\"https:\/\/mascotasenadopcionhn.com\/nueva\/#website\"},\"primaryImageOfPage\":{\"@id\":\"https:\/\/mascotasenadopcionhn.com\/nueva\/thor\/#primaryimage\"},\"image\":{\"@id\":\"https:\/\/mascotasenadopcionhn.com\/nueva\/thor\/#primaryimage\"},\"thumbnailUrl\":\"https:\/\/mascotasenadopcionhn.com\/nueva\/wp-content\/uploads\/2021\/04\/tor3.jpg\",\"datePublished\":\"2021-04-07T02:15:58+00:00\",\"dateModified\":\"2021-04-07T02:16:13+00:00\",\"breadcrumb\":{\"@id\":\"https:\/\/mascotasenadopcionhn.com\/nueva\/thor\/#breadcrumb\"},\"inLanguage\":\"es\",\"potentialAction\":[{\"@type\":\"ReadAction\",\"target\":[\"https:\/\/mascotasenadopcionhn.com\/nueva\/thor\/\"]}]},{\"@type\":\"ImageObject\",\"inLanguage\":\"es\",\"@id\":\"https:\/\/mascotasenadopcionhn.com\/nueva\/thor\/#primaryimage\",\"url\":\"https:\/\/mascotasenadopcionhn.com\/nueva\/wp-content\/uploads\/2021\/04\/tor3.jpg\",\"contentUrl\":\"https:\/\/mascotasenadopcionhn.com\/nueva\/wp-content\/uploads\/2021\/04\/tor3.jpg\",\"width\":828,\"height\":1104},{\"@type\":\"BreadcrumbList\",\"@id\":\"https:\/\/mascotasenadopcionhn.com\/nueva\/thor\/#breadcrumb\",\"itemListElement\":[{\"@type\":\"ListItem\",\"position\":1,\"name\":\"Portada\",\"item\":\"https:\/\/mascotasenadopcionhn.com\/nueva\/\"},{\"@type\":\"ListItem\",\"position\":2,\"name\":\"Thor\"}]},{\"@type\":\"WebSite\",\"@id\":\"https:\/\/mascotasenadopcionhn.com\/nueva\/#website\",\"url\":\"https:\/\/mascotasenadopcionhn.com\/nueva\/\",\"name\":\"Mascotas en Adopcion Honduras\",\"description\":\"Mascotas en Adopcion Honduras\",\"publisher\":{\"@id\":\"https:\/\/mascotasenadopcionhn.com\/nueva\/#organization\"},\"potentialAction\":[{\"@type\":\"SearchAction\",\"target\":{\"@type\":\"EntryPoint\",\"urlTemplate\":\"https:\/\/mascotasenadopcionhn.com\/nueva\/?s={search_term_string}\"},\"query-input\":{\"@type\":\"PropertyValueSpecification\",\"valueRequired\":true,\"valueName\":\"search_term_string\"}}],\"inLanguage\":\"es\"},{\"@type\":\"Organization\",\"@id\":\"https:\/\/mascotasenadopcionhn.com\/nueva\/#organization\",\"name\":\"MAH\",\"url\":\"https:\/\/mascotasenadopcionhn.com\/nueva\/\",\"logo\":{\"@type\":\"ImageObject\",\"inLanguage\":\"es\",\"@id\":\"https:\/\/mascotasenadopcionhn.com\/nueva\/#\/schema\/logo\/image\/\",\"url\":\"https:\/\/mascotasenadopcionhn.com\/nueva\/wp-content\/uploads\/2018\/03\/AF-MACOTAS-EN-ADOPCION-HN-logo-011.png\",\"contentUrl\":\"https:\/\/mascotasenadopcionhn.com\/nueva\/wp-content\/uploads\/2018\/03\/AF-MACOTAS-EN-ADOPCION-HN-logo-011.png\",\"width\":3300,\"height\":2550,\"caption\":\"MAH\"},\"image\":{\"@id\":\"https:\/\/mascotasenadopcionhn.com\/nueva\/#\/schema\/logo\/image\/\"},\"sameAs\":[\"https:\/\/www.facebook.com\/mascotasenadopcionhn\"]},{\"@type\":\"Person\",\"@id\":\"https:\/\/mascotasenadopcionhn.com\/nueva\/#\/schema\/person\/9fb88f4353111dca3883af9e1b0a56f4\",\"name\":\"fredy\",\"image\":{\"@type\":\"ImageObject\",\"inLanguage\":\"es\",\"@id\":\"https:\/\/mascotasenadopcionhn.com\/nueva\/#\/schema\/person\/image\/\",\"url\":\"https:\/\/secure.gravatar.com\/avatar\/136b14bfe5589a9b7f09ed71ca801ef20d65bec6eda3b0659ff58357ddf83ea3?s=96&d=mm&r=g\",\"contentUrl\":\"https:\/\/secure.gravatar.com\/avatar\/136b14bfe5589a9b7f09ed71ca801ef20d65bec6eda3b0659ff58357ddf83ea3?s=96&d=mm&r=g\",\"caption\":\"fredy\"},\"sameAs\":[\"https:\/\/mascotasenadopcionhn.com\/nueva\"],\"url\":\"https:\/\/mascotasenadopcionhn.com\/nueva\/author\/fredy\/\"}]}<\/script>\n<!-- \/ Yoast SEO Premium plugin. -->","yoast_head_json":{"title":"Thor - Mascotas en Adopcion Honduras","robots":{"index":"index","follow":"follow","max-snippet":"max-snippet:-1","max-image-preview":"max-image-preview:large","max-video-preview":"max-video-preview:-1"},"canonical":"https:\/\/mascotasenadopcionhn.com\/nueva\/thor\/","og_locale":"es_ES","og_type":"article","og_title":"Thor","og_description":"Hola! Me gustar\u00eda compartir mi historia de adopci\u00f3n: Fecha en la que adopt\u00f3a. Septiembre del 2016. \u00bfC\u00f3mo conoci\u00f3 la fundaci\u00f3n?a. La conocimos a trav\u00e9s de las redes sociales cuando est\u00e1bamos en busca de una mascota. \u00bfQu\u00e9 los inspir\u00f3 a adoptar?a. Cuando conocimos de la fundaci\u00f3n y vimos las mascotas tan hermosas que ten\u00edan en adopci\u00f3n [&hellip;]","og_url":"https:\/\/mascotasenadopcionhn.com\/nueva\/thor\/","og_site_name":"Mascotas en Adopcion Honduras","article_publisher":"https:\/\/www.facebook.com\/mascotasenadopcionhn","article_published_time":"2021-04-07T02:15:58+00:00","article_modified_time":"2021-04-07T02:16:13+00:00","og_image":[{"width":828,"height":1104,"url":"https:\/\/mascotasenadopcionhn.com\/nueva\/wp-content\/uploads\/2021\/04\/tor3.jpg","type":"image\/jpeg"}],"author":"fredy","twitter_card":"summary_large_image","twitter_misc":{"Escrito por":"fredy","Tiempo de lectura":"1 minuto"},"schema":{"@context":"https:\/\/schema.org","@graph":[{"@type":"Article","@id":"https:\/\/mascotasenadopcionhn.com\/nueva\/thor\/#article","isPartOf":{"@id":"https:\/\/mascotasenadopcionhn.com\/nueva\/thor\/"},"author":{"name":"fredy","@id":"https:\/\/mascotasenadopcionhn.com\/nueva\/#\/schema\/person\/9fb88f4353111dca3883af9e1b0a56f4"},"headline":"Thor","datePublished":"2021-04-07T02:15:58+00:00","dateModified":"2021-04-07T02:16:13+00:00","mainEntityOfPage":{"@id":"https:\/\/mascotasenadopcionhn.com\/nueva\/thor\/"},"wordCount":236,"commentCount":0,"publisher":{"@id":"https:\/\/mascotasenadopcionhn.com\/nueva\/#organization"},"image":{"@id":"https:\/\/mascotasenadopcionhn.com\/nueva\/thor\/#primaryimage"},"thumbnailUrl":"https:\/\/mascotasenadopcionhn.com\/nueva\/wp-content\/uploads\/2021\/04\/tor3.jpg","articleSection":["Historias de Adopcion"],"inLanguage":"es","potentialAction":[{"@type":"CommentAction","name":"Comment","target":["https:\/\/mascotasenadopcionhn.com\/nueva\/thor\/#respond"]}]},{"@type":"WebPage","@id":"https:\/\/mascotasenadopcionhn.com\/nueva\/thor\/","url":"https:\/\/mascotasenadopcionhn.com\/nueva\/thor\/","name":"Thor - Mascotas en Adopcion Honduras","isPartOf":{"@id":"https:\/\/mascotasenadopcionhn.com\/nueva\/#website"},"primaryImageOfPage":{"@id":"https:\/\/mascotasenadopcionhn.com\/nueva\/thor\/#primaryimage"},"image":{"@id":"https:\/\/mascotasenadopcionhn.com\/nueva\/thor\/#primaryimage"},"thumbnailUrl":"https:\/\/mascotasenadopcionhn.com\/nueva\/wp-content\/uploads\/2021\/04\/tor3.jpg","datePublished":"2021-04-07T02:15:58+00:00","dateModified":"2021-04-07T02:16:13+00:00","breadcrumb":{"@id":"https:\/\/mascotasenadopcionhn.com\/nueva\/thor\/#breadcrumb"},"inLanguage":"es","potentialAction":[{"@type":"ReadAction","target":["https:\/\/mascotasenadopcionhn.com\/nueva\/thor\/"]}]},{"@type":"ImageObject","inLanguage":"es","@id":"https:\/\/mascotasenadopcionhn.com\/nueva\/thor\/#primaryimage","url":"https:\/\/mascotasenadopcionhn.com\/nueva\/wp-content\/uploads\/2021\/04\/tor3.jpg","contentUrl":"https:\/\/mascotasenadopcionhn.com\/nueva\/wp-content\/uploads\/2021\/04\/tor3.jpg","width":828,"height":1104},{"@type":"BreadcrumbList","@id":"https:\/\/mascotasenadopcionhn.com\/nueva\/thor\/#breadcrumb","itemListElement":[{"@type":"ListItem","position":1,"name":"Portada","item":"https:\/\/mascotasenadopcionhn.com\/nueva\/"},{"@type":"ListItem","position":2,"name":"Thor"}]},{"@type":"WebSite","@id":"https:\/\/mascotasenadopcionhn.com\/nueva\/#website","url":"https:\/\/mascotasenadopcionhn.com\/nueva\/","name":"Mascotas en Adopcion Honduras","description":"Mascotas en Adopcion Honduras","publisher":{"@id":"https:\/\/mascotasenadopcionhn.com\/nueva\/#organization"},"potentialAction":[{"@type":"SearchAction","target":{"@type":"EntryPoint","urlTemplate":"https:\/\/mascotasenadopcionhn.com\/nueva\/?s={search_term_string}"},"query-input":{"@type":"PropertyValueSpecification","valueRequired":true,"valueName":"search_term_string"}}],"inLanguage":"es"},{"@type":"Organization","@id":"https:\/\/mascotasenadopcionhn.com\/nueva\/#organization","name":"MAH","url":"https:\/\/mascotasenadopcionhn.com\/nueva\/","logo":{"@type":"ImageObject","inLanguage":"es","@id":"https:\/\/mascotasenadopcionhn.com\/nueva\/#\/schema\/logo\/image\/","url":"https:\/\/mascotasenadopcionhn.com\/nueva\/wp-content\/uploads\/2018\/03\/AF-MACOTAS-EN-ADOPCION-HN-logo-011.png","contentUrl":"https:\/\/mascotasenadopcionhn.com\/nueva\/wp-content\/uploads\/2018\/03\/AF-MACOTAS-EN-ADOPCION-HN-logo-011.png","width":3300,"height":2550,"caption":"MAH"},"image":{"@id":"https:\/\/mascotasenadopcionhn.com\/nueva\/#\/schema\/logo\/image\/"},"sameAs":["https:\/\/www.facebook.com\/mascotasenadopcionhn"]},{"@type":"Person","@id":"https:\/\/mascotasenadopcionhn.com\/nueva\/#\/schema\/person\/9fb88f4353111dca3883af9e1b0a56f4","name":"fredy","image":{"@type":"ImageObject","inLanguage":"es","@id":"https:\/\/mascotasenadopcionhn.com\/nueva\/#\/schema\/person\/image\/","url":"https:\/\/secure.gravatar.com\/avatar\/136b14bfe5589a9b7f09ed71ca801ef20d65bec6eda3b0659ff58357ddf83ea3?s=96&d=mm&r=g","contentUrl":"https:\/\/secure.gravatar.com\/avatar\/136b14bfe5589a9b7f09ed71ca801ef20d65bec6eda3b0659ff58357ddf83ea3?s=96&d=mm&r=g","caption":"fredy"},"sameAs":["https:\/\/mascotasenadopcionhn.com\/nueva"],"url":"https:\/\/mascotasenadopcionhn.com\/nueva\/author\/fredy\/"}]}},"jetpack_featured_media_url":"https:\/\/mascotasenadopcionhn.com\/nueva\/wp-content\/uploads\/2021\/04\/tor3.jpg","jetpack_sharing_enabled":true,"_links":{"self":[{"href":"https:\/\/mascotasenadopcionhn.com\/nueva\/wp-json\/wp\/v2\/posts\/1390","targetHints":{"allow":["GET"]}}],"collection":[{"href":"https:\/\/mascotasenadopcionhn.com\/nueva\/wp-json\/wp\/v2\/posts"}],"about":[{"href":"https:\/\/mascotasenadopcionhn.com\/nueva\/wp-json\/wp\/v2\/types\/post"}],"author":[{"embeddable":true,"href":"https:\/\/mascotasenadopcionhn.com\/nueva\/wp-json\/wp\/v2\/users\/1"}],"replies":[{"embeddable":true,"href":"https:\/\/mascotasenadopcionhn.com\/nueva\/wp-json\/wp\/v2\/comments?post=1390"}],"version-history":[{"count":1,"href":"https:\/\/mascotasenadopcionhn.com\/nueva\/wp-json\/wp\/v2\/posts\/1390\/revisions"}],"predecessor-version":[{"id":1395,"href":"https:\/\/mascotasenadopcionhn.com\/nueva\/wp-json\/wp\/v2\/posts\/1390\/revisions\/1395"}],"wp:featuredmedia":[{"embeddable":true,"href":"https:\/\/mascotasenadopcionhn.com\/nueva\/wp-json\/wp\/v2\/media\/1391"}],"wp:attachment":[{"href":"https:\/\/mascotasenadopcionhn.com\/nueva\/wp-json\/wp\/v2\/media?parent=1390"}],"wp:term":[{"taxonomy":"category","embeddable":true,"href":"https:\/\/mascotasenadopcionhn.com\/nueva\/wp-json\/wp\/v2\/categories?post=1390"},{"taxonomy":"post_tag","embeddable":true,"href":"https:\/\/mascotasenadopcionhn.com\/nueva\/wp-json\/wp\/v2\/tags?post=1390"}],"curies":[{"name":"wp","href":"https:\/\/api.w.org\/{rel}","templated":true}]}}