{"id":1421,"date":"2021-04-13T01:17:16","date_gmt":"2021-04-13T01:17:16","guid":{"rendered":"https:\/\/mascotasenadopcionhn.com\/nueva\/?p=1421"},"modified":"2021-04-13T01:25:03","modified_gmt":"2021-04-13T01:25:03","slug":"la-negra","status":"publish","type":"post","link":"https:\/\/mascotasenadopcionhn.com\/nueva\/la-negra\/","title":{"rendered":"La negra"},"content":{"rendered":"\n<p>La negra ocupaba casa cuna, con 2 de sus cachorros. Decid\u00ed Cuidar de ellos. No soportaba que estuviese cerca , ni mucho menos que tocara a sus hijos, era muy protectora. As\u00ed que saqu\u00e9 mi arma secreta : Pollo e h\u00edgado , as\u00ed empez\u00e9 a ganarme su confianza. Ella s\u00f3lo agarraba la comida pero siempre me ladraba y no dejaba que a\u00fan tocara a sus cachorros, pasaron los d\u00edas y poco a poco ella se iba acercando a mi y ya no hac\u00eda intentos por morderme.Un momento duro para ella fu\u00e9 cuando sus hijos tuvieron que ser dados en adopci\u00f3n, nos tardamos en buscar la manera de c\u00f3mo agarrar a los cachorros para que se los llevaran, ella qued\u00f3 muy triste y desconfiando nuevamente.. Fu\u00e9 un proceso duro para ella y para mi, porque no me gustaba verla de esa manera, con el paso del tiempo fu\u00e9 agarrando confianza conmigo y mis otros perritos , se dejaba acariciar y se alegraba al verme. Lleg\u00f3 el momento duro. Todos los que damos casa cuna sabemos que ella tenia que irse con una nueva familia que decidi\u00f3 adoptarla.Una familia decidi\u00f3 adoptarla, era el inicio de la pandemia por el Covid. Vinieron a conocerla y ella no se mostr\u00f3 muy receptiva , pero la familia quer\u00eda darle la oportunidad a que pudiese adaptarse, cuando lleg\u00f3 el momento de irse ella no se comport\u00f3 como la mayor\u00eda. Estaba asustada , no quer\u00eda salir y cost\u00f3 mucho subirla al carro , mi instinto me dec\u00eda que no se adaptar\u00eda , pero quer\u00eda creer que s\u00ed y as\u00ed se fu\u00e9 con su nueva familia. Minutos m\u00e1s tarde , recib\u00ed una llamada de la familia adoptante , informandome que ella se hab\u00eda bajado del carro y no dejaba que nadie la agarrara , vinieron tantas cosas a mi mente , que me sent\u00ed culpable. Era un d\u00eda que no pod\u00eda circular sin salvo-conducto , hicieron varios intentos por lograr agarrarla pero no lo lograron. Ella estaba agresiva y con ello mi miedo aumentaba , as\u00ed que decidimos que yo deb\u00eda movilizarme , vinieron a recogerme , recuerdo que fueron los minutos m\u00e1s largos hasta llegar hacia d\u00f3nde estaba ella. Me dijeron que estaba debajo de un carro , me acerqu\u00e9 y ella estaba tan asustada que sali\u00f3 corriendo, asi que pens\u00e9 en decir su nombre, y en ese momento se detuvo y al reconocerme se di\u00f3 la vuelta y se acerc\u00f3 hacia mi, la logr\u00e9 tomar y subirla al carro nuevamente..Me sent\u00ed tan bien , por f\u00edn la ten\u00eda y estaba sana y salva. Al llegar a casa sent\u00ed mucha paz al verla nuevamente en la que hab\u00eda sido su casa , ella estaba feliz all\u00ed. Me di cuenta de que ella no deb\u00eda irse a ning\u00fan lado , aqu\u00ed era su hogar y as\u00ed fu\u00e9 como decid\u00ed adoptarla a pesar que ya ten\u00eda 6 perros , ella es ahora la n\u00famero 7. Aunque pensandolo bien ella fu\u00e9 la que me adopt\u00f3 a m\u00ed, y aqui sigue la negra; d\u00e1ndome abrazos y siendo un ser fel\u00edz y yo sinti\u00e9ndome dichoso de que mis 7 peludos y 1 michi me hayan escogido c\u00f3mo su familia..<\/p>\n\n\n\n<p><br>An\u00edmate, Adopta y cambi la vida de ese ser que est\u00e1 esperando ser rescatado.<\/p>\n\n\n\n<p><\/p>\n\n\n\n<div class=\"wp-block-kioken-imagebox text-align-none kt-imagebox__efc542-f8\" data-tilt-max=\"15\"><div class=\"overflow-hidden box-wrap\"><div class=\"wp-block-kioken-imagebox__inner pos-abs-zeropos kt_flex_justifystart\"><div class=\"the-content\"><h4 class=\"wp-block-kioken-imagebox__heading\" style=\"font-size:32px;line-height:1.4\">Negra<\/h4><\/div><\/div><div class=\"overflow-hidden imgwrap\"><img loading=\"lazy\" decoding=\"async\" width=\"960\" height=\"1280\" src=\"https:\/\/mascotasenadopcionhn.com\/nueva\/wp-content\/uploads\/2021\/04\/negra.jpg\" class=\"wp-image-1422 wp-block-kioken-imagebox__img\" srcset=\"https:\/\/mascotasenadopcionhn.com\/nueva\/wp-content\/uploads\/2021\/04\/negra.jpg 960w, https:\/\/mascotasenadopcionhn.com\/nueva\/wp-content\/uploads\/2021\/04\/negra-225x300.jpg 225w, https:\/\/mascotasenadopcionhn.com\/nueva\/wp-content\/uploads\/2021\/04\/negra-768x1024.jpg 768w\" sizes=\"auto, (max-width: 960px) 100vw, 960px\" \/><\/div><\/div><\/div>\n\n\n\n<div class=\"wp-block-kioken-imagebox text-align-none kt-imagebox__cd0bbb-95\" data-tilt-max=\"15\"><div class=\"overflow-hidden box-wrap\"><div class=\"wp-block-kioken-imagebox__inner pos-abs-zeropos kt_flex_justifystart\"><div class=\"the-content\"><h4 class=\"wp-block-kioken-imagebox__heading\" style=\"font-size:32px;line-height:1.4\">Negra<\/h4><\/div><\/div><div class=\"overflow-hidden imgwrap\"><img loading=\"lazy\" decoding=\"async\" width=\"960\" height=\"1280\" src=\"https:\/\/mascotasenadopcionhn.com\/nueva\/wp-content\/uploads\/2021\/04\/negra1.jpg\" class=\"wp-image-1423 wp-block-kioken-imagebox__img\" srcset=\"https:\/\/mascotasenadopcionhn.com\/nueva\/wp-content\/uploads\/2021\/04\/negra1.jpg 960w, https:\/\/mascotasenadopcionhn.com\/nueva\/wp-content\/uploads\/2021\/04\/negra1-225x300.jpg 225w, https:\/\/mascotasenadopcionhn.com\/nueva\/wp-content\/uploads\/2021\/04\/negra1-768x1024.jpg 768w\" sizes=\"auto, (max-width: 960px) 100vw, 960px\" \/><\/div><\/div><\/div>\n\n\n\n<div class=\"wp-block-kioken-imagebox text-align-none kt-imagebox__20c07e-ba\" data-tilt-max=\"15\"><div class=\"overflow-hidden box-wrap\"><div class=\"wp-block-kioken-imagebox__inner pos-abs-zeropos kt_flex_justifystart\"><div class=\"the-content\"><h4 class=\"wp-block-kioken-imagebox__heading\" style=\"font-size:32px;line-height:1.4\">Negra<\/h4><\/div><\/div><div class=\"overflow-hidden imgwrap\"><img loading=\"lazy\" decoding=\"async\" width=\"569\" height=\"960\" src=\"https:\/\/mascotasenadopcionhn.com\/nueva\/wp-content\/uploads\/2021\/04\/negra5.jpg\" class=\"wp-image-1425 wp-block-kioken-imagebox__img\" srcset=\"https:\/\/mascotasenadopcionhn.com\/nueva\/wp-content\/uploads\/2021\/04\/negra5.jpg 569w, https:\/\/mascotasenadopcionhn.com\/nueva\/wp-content\/uploads\/2021\/04\/negra5-178x300.jpg 178w\" sizes=\"auto, (max-width: 569px) 100vw, 569px\" \/><\/div><\/div><\/div>\n\n\n\n<p><\/p>\n\n\n\n\n\n<figure class=\"wp-block-video\"><video height=\"426\" style=\"aspect-ratio: 234 \/ 426;\" width=\"234\" controls src=\"https:\/\/mascotasenadopcionhn.com\/nueva\/wp-content\/uploads\/2021\/04\/125869738_183674546694673_4598934004733857469_n.mp4\"><\/video><\/figure>\n\n\n\n<p><\/p>\n<div class=\"pvc_clear\"><\/div><p id=\"pvc_stats_1421\" class=\"pvc_stats all  \" data-element-id=\"1421\" style=\"\"><i class=\"pvc-stats-icon medium\" aria-hidden=\"true\"><svg aria-hidden=\"true\" focusable=\"false\" data-prefix=\"far\" data-icon=\"chart-bar\" role=\"img\" xmlns=\"http:\/\/www.w3.org\/2000\/svg\" viewBox=\"0 0 512 512\" class=\"svg-inline--fa fa-chart-bar fa-w-16 fa-2x\"><path fill=\"currentColor\" d=\"M396.8 352h22.4c6.4 0 12.8-6.4 12.8-12.8V108.8c0-6.4-6.4-12.8-12.8-12.8h-22.4c-6.4 0-12.8 6.4-12.8 12.8v230.4c0 6.4 6.4 12.8 12.8 12.8zm-192 0h22.4c6.4 0 12.8-6.4 12.8-12.8V140.8c0-6.4-6.4-12.8-12.8-12.8h-22.4c-6.4 0-12.8 6.4-12.8 12.8v198.4c0 6.4 6.4 12.8 12.8 12.8zm96 0h22.4c6.4 0 12.8-6.4 12.8-12.8V204.8c0-6.4-6.4-12.8-12.8-12.8h-22.4c-6.4 0-12.8 6.4-12.8 12.8v134.4c0 6.4 6.4 12.8 12.8 12.8zM496 400H48V80c0-8.84-7.16-16-16-16H16C7.16 64 0 71.16 0 80v336c0 17.67 14.33 32 32 32h464c8.84 0 16-7.16 16-16v-16c0-8.84-7.16-16-16-16zm-387.2-48h22.4c6.4 0 12.8-6.4 12.8-12.8v-70.4c0-6.4-6.4-12.8-12.8-12.8h-22.4c-6.4 0-12.8 6.4-12.8 12.8v70.4c0 6.4 6.4 12.8 12.8 12.8z\" class=\"\"><\/path><\/svg><\/i> <img loading=\"lazy\" decoding=\"async\" width=\"16\" height=\"16\" alt=\"Loading\" src=\"https:\/\/mascotasenadopcionhn.com\/nueva\/wp-content\/plugins\/page-views-count\/ajax-loader-2x.gif\" border=0 \/><\/p><div class=\"pvc_clear\"><\/div>","protected":false},"excerpt":{"rendered":"<p>La negra ocupaba casa cuna, con 2 de sus cachorros. Decid\u00ed Cuidar de ellos. No soportaba que estuviese cerca , ni mucho menos que tocara a sus hijos, era muy protectora. As\u00ed que saqu\u00e9 mi arma secreta : Pollo e h\u00edgado , as\u00ed empez\u00e9 a ganarme su confianza. Ella s\u00f3lo agarraba la comida pero siempre [&hellip;]<\/p>\n<div class=\"pvc_clear\"><\/div>\n<p id=\"pvc_stats_1421\" class=\"pvc_stats all  \" data-element-id=\"1421\" style=\"\"><i class=\"pvc-stats-icon medium\" aria-hidden=\"true\"><svg aria-hidden=\"true\" focusable=\"false\" data-prefix=\"far\" data-icon=\"chart-bar\" role=\"img\" xmlns=\"http:\/\/www.w3.org\/2000\/svg\" viewBox=\"0 0 512 512\" class=\"svg-inline--fa fa-chart-bar fa-w-16 fa-2x\"><path fill=\"currentColor\" d=\"M396.8 352h22.4c6.4 0 12.8-6.4 12.8-12.8V108.8c0-6.4-6.4-12.8-12.8-12.8h-22.4c-6.4 0-12.8 6.4-12.8 12.8v230.4c0 6.4 6.4 12.8 12.8 12.8zm-192 0h22.4c6.4 0 12.8-6.4 12.8-12.8V140.8c0-6.4-6.4-12.8-12.8-12.8h-22.4c-6.4 0-12.8 6.4-12.8 12.8v198.4c0 6.4 6.4 12.8 12.8 12.8zm96 0h22.4c6.4 0 12.8-6.4 12.8-12.8V204.8c0-6.4-6.4-12.8-12.8-12.8h-22.4c-6.4 0-12.8 6.4-12.8 12.8v134.4c0 6.4 6.4 12.8 12.8 12.8zM496 400H48V80c0-8.84-7.16-16-16-16H16C7.16 64 0 71.16 0 80v336c0 17.67 14.33 32 32 32h464c8.84 0 16-7.16 16-16v-16c0-8.84-7.16-16-16-16zm-387.2-48h22.4c6.4 0 12.8-6.4 12.8-12.8v-70.4c0-6.4-6.4-12.8-12.8-12.8h-22.4c-6.4 0-12.8 6.4-12.8 12.8v70.4c0 6.4 6.4 12.8 12.8 12.8z\" class=\"\"><\/path><\/svg><\/i> <img loading=\"lazy\" decoding=\"async\" width=\"16\" height=\"16\" alt=\"Loading\" src=\"https:\/\/mascotasenadopcionhn.com\/nueva\/wp-content\/plugins\/page-views-count\/ajax-loader-2x.gif\" border=0 \/><\/p>\n<div class=\"pvc_clear\"><\/div>\n","protected":false},"author":1,"featured_media":1424,"comment_status":"open","ping_status":"open","sticky":true,"template":"","format":"standard","meta":{"kk_blocks_editor_width":"","_kiokenblocks_attr":"","_kiokenblocks_dimensions":"","_jetpack_memberships_contains_paid_content":false,"footnotes":""},"categories":[16],"tags":[63],"class_list":["post-1421","post","type-post","status-publish","format-standard","has-post-thumbnail","hentry","category-historias-adopcion","tag-mah"],"yoast_head":"<!-- This site is optimized with the Yoast SEO Premium plugin v18.4 (Yoast SEO v25.2) - https:\/\/yoast.com\/wordpress\/plugins\/seo\/ -->\n<title>La negra - Mascotas en Adopcion Honduras<\/title>\n<meta name=\"robots\" content=\"index, follow, max-snippet:-1, max-image-preview:large, max-video-preview:-1\" \/>\n<link rel=\"canonical\" href=\"https:\/\/mascotasenadopcionhn.com\/nueva\/la-negra\/\" \/>\n<meta property=\"og:locale\" content=\"es_ES\" \/>\n<meta property=\"og:type\" content=\"article\" \/>\n<meta property=\"og:title\" content=\"La negra\" \/>\n<meta property=\"og:description\" content=\"La negra ocupaba casa cuna, con 2 de sus cachorros. Decid\u00ed Cuidar de ellos. No soportaba que estuviese cerca , ni mucho menos que tocara a sus hijos, era muy protectora. As\u00ed que saqu\u00e9 mi arma secreta : Pollo e h\u00edgado , as\u00ed empez\u00e9 a ganarme su confianza. Ella s\u00f3lo agarraba la comida pero siempre [&hellip;]\" \/>\n<meta property=\"og:url\" content=\"https:\/\/mascotasenadopcionhn.com\/nueva\/la-negra\/\" \/>\n<meta property=\"og:site_name\" content=\"Mascotas en Adopcion Honduras\" \/>\n<meta property=\"article:publisher\" content=\"https:\/\/www.facebook.com\/mascotasenadopcionhn\" \/>\n<meta property=\"article:published_time\" content=\"2021-04-13T01:17:16+00:00\" \/>\n<meta property=\"article:modified_time\" content=\"2021-04-13T01:25:03+00:00\" \/>\n<meta property=\"og:image\" content=\"https:\/\/mascotasenadopcionhn.com\/nueva\/wp-content\/uploads\/2021\/04\/negra3.jpg\" \/>\n\t<meta property=\"og:image:width\" content=\"720\" \/>\n\t<meta property=\"og:image:height\" content=\"960\" \/>\n\t<meta property=\"og:image:type\" content=\"image\/jpeg\" \/>\n<meta name=\"author\" content=\"fredy\" \/>\n<meta name=\"twitter:card\" content=\"summary_large_image\" \/>\n<meta name=\"twitter:label1\" content=\"Escrito por\" \/>\n\t<meta name=\"twitter:data1\" content=\"fredy\" \/>\n\t<meta name=\"twitter:label2\" content=\"Tiempo de lectura\" \/>\n\t<meta name=\"twitter:data2\" content=\"3 minutos\" \/>\n<script type=\"application\/ld+json\" class=\"yoast-schema-graph\">{\"@context\":\"https:\/\/schema.org\",\"@graph\":[{\"@type\":\"Article\",\"@id\":\"https:\/\/mascotasenadopcionhn.com\/nueva\/la-negra\/#article\",\"isPartOf\":{\"@id\":\"https:\/\/mascotasenadopcionhn.com\/nueva\/la-negra\/\"},\"author\":{\"name\":\"fredy\",\"@id\":\"https:\/\/mascotasenadopcionhn.com\/nueva\/#\/schema\/person\/9fb88f4353111dca3883af9e1b0a56f4\"},\"headline\":\"La negra\",\"datePublished\":\"2021-04-13T01:17:16+00:00\",\"dateModified\":\"2021-04-13T01:25:03+00:00\",\"mainEntityOfPage\":{\"@id\":\"https:\/\/mascotasenadopcionhn.com\/nueva\/la-negra\/\"},\"wordCount\":555,\"commentCount\":0,\"publisher\":{\"@id\":\"https:\/\/mascotasenadopcionhn.com\/nueva\/#organization\"},\"image\":{\"@id\":\"https:\/\/mascotasenadopcionhn.com\/nueva\/la-negra\/#primaryimage\"},\"thumbnailUrl\":\"https:\/\/mascotasenadopcionhn.com\/nueva\/wp-content\/uploads\/2021\/04\/negra3.jpg\",\"keywords\":[\"mah\"],\"articleSection\":[\"Historias de Adopcion\"],\"inLanguage\":\"es\",\"potentialAction\":[{\"@type\":\"CommentAction\",\"name\":\"Comment\",\"target\":[\"https:\/\/mascotasenadopcionhn.com\/nueva\/la-negra\/#respond\"]}]},{\"@type\":\"WebPage\",\"@id\":\"https:\/\/mascotasenadopcionhn.com\/nueva\/la-negra\/\",\"url\":\"https:\/\/mascotasenadopcionhn.com\/nueva\/la-negra\/\",\"name\":\"La negra - Mascotas en Adopcion Honduras\",\"isPartOf\":{\"@id\":\"https:\/\/mascotasenadopcionhn.com\/nueva\/#website\"},\"primaryImageOfPage\":{\"@id\":\"https:\/\/mascotasenadopcionhn.com\/nueva\/la-negra\/#primaryimage\"},\"image\":{\"@id\":\"https:\/\/mascotasenadopcionhn.com\/nueva\/la-negra\/#primaryimage\"},\"thumbnailUrl\":\"https:\/\/mascotasenadopcionhn.com\/nueva\/wp-content\/uploads\/2021\/04\/negra3.jpg\",\"datePublished\":\"2021-04-13T01:17:16+00:00\",\"dateModified\":\"2021-04-13T01:25:03+00:00\",\"breadcrumb\":{\"@id\":\"https:\/\/mascotasenadopcionhn.com\/nueva\/la-negra\/#breadcrumb\"},\"inLanguage\":\"es\",\"potentialAction\":[{\"@type\":\"ReadAction\",\"target\":[\"https:\/\/mascotasenadopcionhn.com\/nueva\/la-negra\/\"]}]},{\"@type\":\"ImageObject\",\"inLanguage\":\"es\",\"@id\":\"https:\/\/mascotasenadopcionhn.com\/nueva\/la-negra\/#primaryimage\",\"url\":\"https:\/\/mascotasenadopcionhn.com\/nueva\/wp-content\/uploads\/2021\/04\/negra3.jpg\",\"contentUrl\":\"https:\/\/mascotasenadopcionhn.com\/nueva\/wp-content\/uploads\/2021\/04\/negra3.jpg\",\"width\":720,\"height\":960},{\"@type\":\"BreadcrumbList\",\"@id\":\"https:\/\/mascotasenadopcionhn.com\/nueva\/la-negra\/#breadcrumb\",\"itemListElement\":[{\"@type\":\"ListItem\",\"position\":1,\"name\":\"Portada\",\"item\":\"https:\/\/mascotasenadopcionhn.com\/nueva\/\"},{\"@type\":\"ListItem\",\"position\":2,\"name\":\"La negra\"}]},{\"@type\":\"WebSite\",\"@id\":\"https:\/\/mascotasenadopcionhn.com\/nueva\/#website\",\"url\":\"https:\/\/mascotasenadopcionhn.com\/nueva\/\",\"name\":\"Mascotas en Adopcion Honduras\",\"description\":\"Mascotas en Adopcion Honduras\",\"publisher\":{\"@id\":\"https:\/\/mascotasenadopcionhn.com\/nueva\/#organization\"},\"potentialAction\":[{\"@type\":\"SearchAction\",\"target\":{\"@type\":\"EntryPoint\",\"urlTemplate\":\"https:\/\/mascotasenadopcionhn.com\/nueva\/?s={search_term_string}\"},\"query-input\":{\"@type\":\"PropertyValueSpecification\",\"valueRequired\":true,\"valueName\":\"search_term_string\"}}],\"inLanguage\":\"es\"},{\"@type\":\"Organization\",\"@id\":\"https:\/\/mascotasenadopcionhn.com\/nueva\/#organization\",\"name\":\"MAH\",\"url\":\"https:\/\/mascotasenadopcionhn.com\/nueva\/\",\"logo\":{\"@type\":\"ImageObject\",\"inLanguage\":\"es\",\"@id\":\"https:\/\/mascotasenadopcionhn.com\/nueva\/#\/schema\/logo\/image\/\",\"url\":\"https:\/\/mascotasenadopcionhn.com\/nueva\/wp-content\/uploads\/2018\/03\/AF-MACOTAS-EN-ADOPCION-HN-logo-011.png\",\"contentUrl\":\"https:\/\/mascotasenadopcionhn.com\/nueva\/wp-content\/uploads\/2018\/03\/AF-MACOTAS-EN-ADOPCION-HN-logo-011.png\",\"width\":3300,\"height\":2550,\"caption\":\"MAH\"},\"image\":{\"@id\":\"https:\/\/mascotasenadopcionhn.com\/nueva\/#\/schema\/logo\/image\/\"},\"sameAs\":[\"https:\/\/www.facebook.com\/mascotasenadopcionhn\"]},{\"@type\":\"Person\",\"@id\":\"https:\/\/mascotasenadopcionhn.com\/nueva\/#\/schema\/person\/9fb88f4353111dca3883af9e1b0a56f4\",\"name\":\"fredy\",\"image\":{\"@type\":\"ImageObject\",\"inLanguage\":\"es\",\"@id\":\"https:\/\/mascotasenadopcionhn.com\/nueva\/#\/schema\/person\/image\/\",\"url\":\"https:\/\/secure.gravatar.com\/avatar\/136b14bfe5589a9b7f09ed71ca801ef20d65bec6eda3b0659ff58357ddf83ea3?s=96&d=mm&r=g\",\"contentUrl\":\"https:\/\/secure.gravatar.com\/avatar\/136b14bfe5589a9b7f09ed71ca801ef20d65bec6eda3b0659ff58357ddf83ea3?s=96&d=mm&r=g\",\"caption\":\"fredy\"},\"sameAs\":[\"https:\/\/mascotasenadopcionhn.com\/nueva\"],\"url\":\"https:\/\/mascotasenadopcionhn.com\/nueva\/author\/fredy\/\"}]}<\/script>\n<!-- \/ Yoast SEO Premium plugin. -->","yoast_head_json":{"title":"La negra - Mascotas en Adopcion Honduras","robots":{"index":"index","follow":"follow","max-snippet":"max-snippet:-1","max-image-preview":"max-image-preview:large","max-video-preview":"max-video-preview:-1"},"canonical":"https:\/\/mascotasenadopcionhn.com\/nueva\/la-negra\/","og_locale":"es_ES","og_type":"article","og_title":"La negra","og_description":"La negra ocupaba casa cuna, con 2 de sus cachorros. Decid\u00ed Cuidar de ellos. No soportaba que estuviese cerca , ni mucho menos que tocara a sus hijos, era muy protectora. As\u00ed que saqu\u00e9 mi arma secreta : Pollo e h\u00edgado , as\u00ed empez\u00e9 a ganarme su confianza. Ella s\u00f3lo agarraba la comida pero siempre [&hellip;]","og_url":"https:\/\/mascotasenadopcionhn.com\/nueva\/la-negra\/","og_site_name":"Mascotas en Adopcion Honduras","article_publisher":"https:\/\/www.facebook.com\/mascotasenadopcionhn","article_published_time":"2021-04-13T01:17:16+00:00","article_modified_time":"2021-04-13T01:25:03+00:00","og_image":[{"width":720,"height":960,"url":"https:\/\/mascotasenadopcionhn.com\/nueva\/wp-content\/uploads\/2021\/04\/negra3.jpg","type":"image\/jpeg"}],"author":"fredy","twitter_card":"summary_large_image","twitter_misc":{"Escrito por":"fredy","Tiempo de lectura":"3 minutos"},"schema":{"@context":"https:\/\/schema.org","@graph":[{"@type":"Article","@id":"https:\/\/mascotasenadopcionhn.com\/nueva\/la-negra\/#article","isPartOf":{"@id":"https:\/\/mascotasenadopcionhn.com\/nueva\/la-negra\/"},"author":{"name":"fredy","@id":"https:\/\/mascotasenadopcionhn.com\/nueva\/#\/schema\/person\/9fb88f4353111dca3883af9e1b0a56f4"},"headline":"La negra","datePublished":"2021-04-13T01:17:16+00:00","dateModified":"2021-04-13T01:25:03+00:00","mainEntityOfPage":{"@id":"https:\/\/mascotasenadopcionhn.com\/nueva\/la-negra\/"},"wordCount":555,"commentCount":0,"publisher":{"@id":"https:\/\/mascotasenadopcionhn.com\/nueva\/#organization"},"image":{"@id":"https:\/\/mascotasenadopcionhn.com\/nueva\/la-negra\/#primaryimage"},"thumbnailUrl":"https:\/\/mascotasenadopcionhn.com\/nueva\/wp-content\/uploads\/2021\/04\/negra3.jpg","keywords":["mah"],"articleSection":["Historias de Adopcion"],"inLanguage":"es","potentialAction":[{"@type":"CommentAction","name":"Comment","target":["https:\/\/mascotasenadopcionhn.com\/nueva\/la-negra\/#respond"]}]},{"@type":"WebPage","@id":"https:\/\/mascotasenadopcionhn.com\/nueva\/la-negra\/","url":"https:\/\/mascotasenadopcionhn.com\/nueva\/la-negra\/","name":"La negra - Mascotas en Adopcion Honduras","isPartOf":{"@id":"https:\/\/mascotasenadopcionhn.com\/nueva\/#website"},"primaryImageOfPage":{"@id":"https:\/\/mascotasenadopcionhn.com\/nueva\/la-negra\/#primaryimage"},"image":{"@id":"https:\/\/mascotasenadopcionhn.com\/nueva\/la-negra\/#primaryimage"},"thumbnailUrl":"https:\/\/mascotasenadopcionhn.com\/nueva\/wp-content\/uploads\/2021\/04\/negra3.jpg","datePublished":"2021-04-13T01:17:16+00:00","dateModified":"2021-04-13T01:25:03+00:00","breadcrumb":{"@id":"https:\/\/mascotasenadopcionhn.com\/nueva\/la-negra\/#breadcrumb"},"inLanguage":"es","potentialAction":[{"@type":"ReadAction","target":["https:\/\/mascotasenadopcionhn.com\/nueva\/la-negra\/"]}]},{"@type":"ImageObject","inLanguage":"es","@id":"https:\/\/mascotasenadopcionhn.com\/nueva\/la-negra\/#primaryimage","url":"https:\/\/mascotasenadopcionhn.com\/nueva\/wp-content\/uploads\/2021\/04\/negra3.jpg","contentUrl":"https:\/\/mascotasenadopcionhn.com\/nueva\/wp-content\/uploads\/2021\/04\/negra3.jpg","width":720,"height":960},{"@type":"BreadcrumbList","@id":"https:\/\/mascotasenadopcionhn.com\/nueva\/la-negra\/#breadcrumb","itemListElement":[{"@type":"ListItem","position":1,"name":"Portada","item":"https:\/\/mascotasenadopcionhn.com\/nueva\/"},{"@type":"ListItem","position":2,"name":"La negra"}]},{"@type":"WebSite","@id":"https:\/\/mascotasenadopcionhn.com\/nueva\/#website","url":"https:\/\/mascotasenadopcionhn.com\/nueva\/","name":"Mascotas en Adopcion Honduras","description":"Mascotas en Adopcion Honduras","publisher":{"@id":"https:\/\/mascotasenadopcionhn.com\/nueva\/#organization"},"potentialAction":[{"@type":"SearchAction","target":{"@type":"EntryPoint","urlTemplate":"https:\/\/mascotasenadopcionhn.com\/nueva\/?s={search_term_string}"},"query-input":{"@type":"PropertyValueSpecification","valueRequired":true,"valueName":"search_term_string"}}],"inLanguage":"es"},{"@type":"Organization","@id":"https:\/\/mascotasenadopcionhn.com\/nueva\/#organization","name":"MAH","url":"https:\/\/mascotasenadopcionhn.com\/nueva\/","logo":{"@type":"ImageObject","inLanguage":"es","@id":"https:\/\/mascotasenadopcionhn.com\/nueva\/#\/schema\/logo\/image\/","url":"https:\/\/mascotasenadopcionhn.com\/nueva\/wp-content\/uploads\/2018\/03\/AF-MACOTAS-EN-ADOPCION-HN-logo-011.png","contentUrl":"https:\/\/mascotasenadopcionhn.com\/nueva\/wp-content\/uploads\/2018\/03\/AF-MACOTAS-EN-ADOPCION-HN-logo-011.png","width":3300,"height":2550,"caption":"MAH"},"image":{"@id":"https:\/\/mascotasenadopcionhn.com\/nueva\/#\/schema\/logo\/image\/"},"sameAs":["https:\/\/www.facebook.com\/mascotasenadopcionhn"]},{"@type":"Person","@id":"https:\/\/mascotasenadopcionhn.com\/nueva\/#\/schema\/person\/9fb88f4353111dca3883af9e1b0a56f4","name":"fredy","image":{"@type":"ImageObject","inLanguage":"es","@id":"https:\/\/mascotasenadopcionhn.com\/nueva\/#\/schema\/person\/image\/","url":"https:\/\/secure.gravatar.com\/avatar\/136b14bfe5589a9b7f09ed71ca801ef20d65bec6eda3b0659ff58357ddf83ea3?s=96&d=mm&r=g","contentUrl":"https:\/\/secure.gravatar.com\/avatar\/136b14bfe5589a9b7f09ed71ca801ef20d65bec6eda3b0659ff58357ddf83ea3?s=96&d=mm&r=g","caption":"fredy"},"sameAs":["https:\/\/mascotasenadopcionhn.com\/nueva"],"url":"https:\/\/mascotasenadopcionhn.com\/nueva\/author\/fredy\/"}]}},"jetpack_featured_media_url":"https:\/\/mascotasenadopcionhn.com\/nueva\/wp-content\/uploads\/2021\/04\/negra3.jpg","jetpack_sharing_enabled":true,"_links":{"self":[{"href":"https:\/\/mascotasenadopcionhn.com\/nueva\/wp-json\/wp\/v2\/posts\/1421","targetHints":{"allow":["GET"]}}],"collection":[{"href":"https:\/\/mascotasenadopcionhn.com\/nueva\/wp-json\/wp\/v2\/posts"}],"about":[{"href":"https:\/\/mascotasenadopcionhn.com\/nueva\/wp-json\/wp\/v2\/types\/post"}],"author":[{"embeddable":true,"href":"https:\/\/mascotasenadopcionhn.com\/nueva\/wp-json\/wp\/v2\/users\/1"}],"replies":[{"embeddable":true,"href":"https:\/\/mascotasenadopcionhn.com\/nueva\/wp-json\/wp\/v2\/comments?post=1421"}],"version-history":[{"count":6,"href":"https:\/\/mascotasenadopcionhn.com\/nueva\/wp-json\/wp\/v2\/posts\/1421\/revisions"}],"predecessor-version":[{"id":1433,"href":"https:\/\/mascotasenadopcionhn.com\/nueva\/wp-json\/wp\/v2\/posts\/1421\/revisions\/1433"}],"wp:featuredmedia":[{"embeddable":true,"href":"https:\/\/mascotasenadopcionhn.com\/nueva\/wp-json\/wp\/v2\/media\/1424"}],"wp:attachment":[{"href":"https:\/\/mascotasenadopcionhn.com\/nueva\/wp-json\/wp\/v2\/media?parent=1421"}],"wp:term":[{"taxonomy":"category","embeddable":true,"href":"https:\/\/mascotasenadopcionhn.com\/nueva\/wp-json\/wp\/v2\/categories?post=1421"},{"taxonomy":"post_tag","embeddable":true,"href":"https:\/\/mascotasenadopcionhn.com\/nueva\/wp-json\/wp\/v2\/tags?post=1421"}],"curies":[{"name":"wp","href":"https:\/\/api.w.org\/{rel}","templated":true}]}}